{"id":17698,"date":"2025-08-26T18:45:27","date_gmt":"2025-08-26T17:45:27","guid":{"rendered":"https:\/\/k52mhucbgfd.preview.infomaniak.website\/?p=17698"},"modified":"2025-08-26T18:45:27","modified_gmt":"2025-08-26T17:45:27","slug":"charity-visit-to-ermo-das-aguias","status":"publish","type":"post","link":"https:\/\/wildlifeportugal.pt\/en\/2025\/08\/26\/charity-visit-to-ermo-das-aguias\/","title":{"rendered":"Charity visit to Ermo das \u00c1guias"},"content":{"rendered":"<div class=\"wpb-content-wrapper\"><p>[vc_row][vc_column][vc_column_text css=&#8221;&#8221;]<\/p>\n<p style=\"margin: 0in; font-family: Calibri; font-size: 12.0pt;\"><span style=\"font-family: arial, helvetica, sans-serif; font-size: 16px;\">On the <span style=\"text-decoration: underline;\">26th of October<\/span>, we will organise a charity visit to the Ermo das \u00c1guias rewilding area.<\/span><\/p>\n<p style=\"margin: 0in; font-family: Calibri; font-size: 12.0pt;\"><span style=\"font-family: arial, helvetica, sans-serif; font-size: 16px;\">With this guided tour, we will donate 100% of the revenue raised from this activity, with the aim of supporting the restoration of the burned areas and helping local producers from the Wild C\u00f4a Network who suffered material losses as a result of the recent fires.<\/span><\/p>\n<p style=\"margin: 0in; font-family: Calibri; font-size: 12.0pt;\"><span style=\"font-family: arial, helvetica, sans-serif; font-size: 16px;\">This is an opportunity to discover or revisit this important ecological restoration project in the Greater C\u00f4a Valley.<\/span><\/p>\n<p style=\"margin: 0in; font-family: Calibri; font-size: 12.0pt;\">&nbsp;<\/p>\n<p style=\"margin: 0in; font-family: Calibri; font-size: 12.0pt;\"><span style=\"font-family: arial, helvetica, sans-serif; font-size: 16px;\"><strong>Meeting point<\/strong>: Centro Rewilding (Vale de Madeira. Pinhel), 9am<\/span><\/p>\n<p style=\"margin: 0in; font-family: Calibri; font-size: 12.0pt;\"><span style=\"font-family: arial, helvetica, sans-serif; font-size: 16px;\"><strong>Duration<\/strong>: 9am till 1pm<\/span><\/p>\n<p style=\"margin: 0in; font-family: Calibri; font-size: 12.0pt;\"><span style=\"font-family: arial, helvetica, sans-serif; font-size: 16px;\">It consists of a walking trail through the rewilding area of Ermo das \u00c1guias, approximately 4 km long.<\/span><\/p>\n<p style=\"margin: 0in; font-family: Calibri; font-size: 12.0pt;\"><span style=\"font-family: arial, helvetica, sans-serif; font-size: 16px;\"><strong>Price<\/strong>: 15\u20ac\/per person<\/span><\/p>\n<p style=\"margin: 0in; font-family: Calibri; font-size: 12.0pt;\"><span style=\"font-family: arial, helvetica, sans-serif; font-size: 16px;\"><strong>Limit on participants<\/strong>: 15 persons<\/span><\/p>\n<p style=\"margin: 0in; font-family: Calibri; font-size: 12.0pt;\">&nbsp;<\/p>\n<p style=\"margin: 0in; font-family: Calibri; font-size: 12.0pt;\"><span style=\"font-family: arial, helvetica, sans-serif; font-size: 16px;\"><strong>Mandatory registration by email<\/strong>: <strong><a href=\"mailto:info@k52mhucbgfd.preview.infomaniak.website\">info@k52mhucbgfd.preview.infomaniak.website<\/a><\/strong><\/span><\/p>\n<p style=\"margin: 0in; font-family: Calibri; font-size: 12.0pt;\"><span style=\"font-family: arial, helvetica, sans-serif; font-size: 16px;\">Please indicate the number of participants, their full names and a contact telephone number.<\/span><\/p>\n<p style=\"margin: 0in; font-family: Calibri; font-size: 12.0pt;\">&nbsp;<\/p>\n<p style=\"margin: 0in; font-family: Calibri; font-size: 12.0pt;\"><span style=\"font-family: arial, helvetica, sans-serif; font-size: 16px;\">To reinforce your support for this cause, why not take advantage of the weekend to stay at the <a href=\"https:\/\/rewilding-portugal.com\/greater-coa-valley\/rewilding-centre\/\" target=\"_blank\" rel=\"noopener\"><strong>Rewilding Centre<\/strong><\/a>?<\/span><\/p>\n<p>[\/vc_column_text][\/vc_column][\/vc_row][vc_row][vc_column][vc_column_text css=&#8221;&#8221;]<\/p>\n<p>ngg_shortcode_0_placeholder[\/vc_column_text][\/vc_column][\/vc_row]<\/p>\n<\/div>","protected":false},"excerpt":{"rendered":"<p>[vc_row][vc_column][vc_column_text css=&#8221;&#8221;] On the 26th of October, we will organise a charity visit to the Ermo das \u00c1guias rewilding area. With this guided tour, we will donate 100% of the revenue raised from this activity, with the aim of supporting the restoration of the burned areas and helping local producers from the Wild C\u00f4a Network [&hellip;]<\/p>\n","protected":false},"author":1,"featured_media":17695,"comment_status":"closed","ping_status":"closed","sticky":false,"template":"","format":"standard","meta":{"googlesitekit_rrm_CAowx9fADA:productID":"","om_disable_all_campaigns":false,"ngg_post_thumbnail":0,"footnotes":""},"categories":[611],"tags":[607,608,507,508,612],"class_list":["post-17698","post","type-post","status-publish","format-standard","has-post-thumbnail","hentry","category-the-greater-coa-valley","tag-grande-vale-do-coa-en","tag-natureza-en","tag-rewilding","tag-rewilding-portugal","tag-the-greater-coa-valley"],"yoast_head":"<!-- This site is optimized with the Yoast SEO plugin v27.5 - https:\/\/yoast.com\/product\/yoast-seo-wordpress\/ -->\n<title>Charity visit to Ermo das \u00c1guias - Wildlife Portugal<\/title>\n<meta name=\"description\" content=\"Charity visit to Ermo das \u00c1guias rewilding area, in consequence of the recent forest fires. This activity is organized by Wildlife Portugal.\" \/>\n<meta name=\"robots\" content=\"index, follow, max-snippet:-1, max-image-preview:large, max-video-preview:-1\" \/>\n<link rel=\"canonical\" href=\"https:\/\/wildlifeportugal.pt\/en\/2025\/08\/26\/charity-visit-to-ermo-das-aguias\/\" \/>\n<meta property=\"og:locale\" content=\"en_US\" \/>\n<meta property=\"og:type\" content=\"article\" \/>\n<meta property=\"og:title\" content=\"Charity visit to Ermo das \u00c1guias - Wildlife Portugal\" \/>\n<meta property=\"og:description\" content=\"Charity visit to Ermo das \u00c1guias rewilding area, in consequence of the recent forest fires. This activity is organized by Wildlife Portugal.\" \/>\n<meta property=\"og:url\" content=\"https:\/\/wildlifeportugal.pt\/en\/2025\/08\/26\/charity-visit-to-ermo-das-aguias\/\" \/>\n<meta property=\"og:site_name\" content=\"Wildlife Portugal\" \/>\n<meta property=\"article:publisher\" content=\"https:\/\/www.facebook.com\/wildlifeportugal\/\" \/>\n<meta property=\"article:author\" content=\"https:\/\/www.facebook.com\/wildlifeportugal\/\" \/>\n<meta property=\"article:published_time\" content=\"2025-08-26T17:45:27+00:00\" \/>\n<meta property=\"og:image\" content=\"https:\/\/wildlifeportugal.pt\/wp-content\/uploads\/2025\/08\/1190405-2.jpg\" \/>\n\t<meta property=\"og:image:width\" content=\"1920\" \/>\n\t<meta property=\"og:image:height\" content=\"1442\" \/>\n\t<meta property=\"og:image:type\" content=\"image\/jpeg\" \/>\n<meta name=\"author\" content=\"Wildlife Portugal\" \/>\n<meta name=\"twitter:card\" content=\"summary_large_image\" \/>\n<meta name=\"twitter:creator\" content=\"@wildlifept\" \/>\n<meta name=\"twitter:site\" content=\"@wildlifept\" \/>\n<meta name=\"twitter:label1\" content=\"Written by\" \/>\n\t<meta name=\"twitter:data1\" content=\"Wildlife Portugal\" \/>\n\t<meta name=\"twitter:label2\" content=\"Est. reading time\" \/>\n\t<meta name=\"twitter:data2\" content=\"2 minutes\" \/>\n<script type=\"application\/ld+json\" class=\"yoast-schema-graph\">{\"@context\":\"https:\\\/\\\/schema.org\",\"@graph\":[{\"@type\":\"Article\",\"@id\":\"https:\\\/\\\/wildlifeportugal.pt\\\/en\\\/2025\\\/08\\\/26\\\/charity-visit-to-ermo-das-aguias\\\/#article\",\"isPartOf\":{\"@id\":\"https:\\\/\\\/wildlifeportugal.pt\\\/en\\\/2025\\\/08\\\/26\\\/charity-visit-to-ermo-das-aguias\\\/\"},\"author\":{\"name\":\"Wildlife Portugal\",\"@id\":\"https:\\\/\\\/wildlifeportugal.pt\\\/en\\\/#\\\/schema\\\/person\\\/85487b7ea9136c68689e5617bdc8bb20\"},\"headline\":\"Charity visit to Ermo das \u00c1guias\",\"datePublished\":\"2025-08-26T17:45:27+00:00\",\"mainEntityOfPage\":{\"@id\":\"https:\\\/\\\/wildlifeportugal.pt\\\/en\\\/2025\\\/08\\\/26\\\/charity-visit-to-ermo-das-aguias\\\/\"},\"wordCount\":218,\"publisher\":{\"@id\":\"https:\\\/\\\/wildlifeportugal.pt\\\/en\\\/#organization\"},\"image\":{\"@id\":\"https:\\\/\\\/wildlifeportugal.pt\\\/en\\\/2025\\\/08\\\/26\\\/charity-visit-to-ermo-das-aguias\\\/#primaryimage\"},\"thumbnailUrl\":\"https:\\\/\\\/wildlifeportugal.pt\\\/wp-content\\\/uploads\\\/2025\\\/08\\\/1190405-2.jpg\",\"keywords\":[\"Grande Vale do C\u00f4a\",\"natureza\",\"Rewilding\",\"Rewilding Portugal\",\"The Greater C\u00f4a Valley\"],\"articleSection\":[\"The Greater C\u00f4a Valley\"],\"inLanguage\":\"en-US\"},{\"@type\":\"WebPage\",\"@id\":\"https:\\\/\\\/wildlifeportugal.pt\\\/en\\\/2025\\\/08\\\/26\\\/charity-visit-to-ermo-das-aguias\\\/\",\"url\":\"https:\\\/\\\/wildlifeportugal.pt\\\/en\\\/2025\\\/08\\\/26\\\/charity-visit-to-ermo-das-aguias\\\/\",\"name\":\"Charity visit to Ermo das \u00c1guias - Wildlife Portugal\",\"isPartOf\":{\"@id\":\"https:\\\/\\\/wildlifeportugal.pt\\\/en\\\/#website\"},\"primaryImageOfPage\":{\"@id\":\"https:\\\/\\\/wildlifeportugal.pt\\\/en\\\/2025\\\/08\\\/26\\\/charity-visit-to-ermo-das-aguias\\\/#primaryimage\"},\"image\":{\"@id\":\"https:\\\/\\\/wildlifeportugal.pt\\\/en\\\/2025\\\/08\\\/26\\\/charity-visit-to-ermo-das-aguias\\\/#primaryimage\"},\"thumbnailUrl\":\"https:\\\/\\\/wildlifeportugal.pt\\\/wp-content\\\/uploads\\\/2025\\\/08\\\/1190405-2.jpg\",\"datePublished\":\"2025-08-26T17:45:27+00:00\",\"description\":\"Charity visit to Ermo das \u00c1guias rewilding area, in consequence of the recent forest fires. This activity is organized by Wildlife Portugal.\",\"breadcrumb\":{\"@id\":\"https:\\\/\\\/wildlifeportugal.pt\\\/en\\\/2025\\\/08\\\/26\\\/charity-visit-to-ermo-das-aguias\\\/#breadcrumb\"},\"inLanguage\":\"en-US\",\"potentialAction\":[{\"@type\":\"ReadAction\",\"target\":[\"https:\\\/\\\/wildlifeportugal.pt\\\/en\\\/2025\\\/08\\\/26\\\/charity-visit-to-ermo-das-aguias\\\/\"]}]},{\"@type\":\"ImageObject\",\"inLanguage\":\"en-US\",\"@id\":\"https:\\\/\\\/wildlifeportugal.pt\\\/en\\\/2025\\\/08\\\/26\\\/charity-visit-to-ermo-das-aguias\\\/#primaryimage\",\"url\":\"https:\\\/\\\/wildlifeportugal.pt\\\/wp-content\\\/uploads\\\/2025\\\/08\\\/1190405-2.jpg\",\"contentUrl\":\"https:\\\/\\\/wildlifeportugal.pt\\\/wp-content\\\/uploads\\\/2025\\\/08\\\/1190405-2.jpg\",\"width\":1920,\"height\":1442,\"caption\":\"Ermo das Aguias rewilding area\"},{\"@type\":\"BreadcrumbList\",\"@id\":\"https:\\\/\\\/wildlifeportugal.pt\\\/en\\\/2025\\\/08\\\/26\\\/charity-visit-to-ermo-das-aguias\\\/#breadcrumb\",\"itemListElement\":[{\"@type\":\"ListItem\",\"position\":1,\"name\":\"In\u00edcio\",\"item\":\"https:\\\/\\\/wildlifeportugal.pt\\\/en\\\/\"},{\"@type\":\"ListItem\",\"position\":2,\"name\":\"Charity visit to Ermo das \u00c1guias\"}]},{\"@type\":\"WebSite\",\"@id\":\"https:\\\/\\\/wildlifeportugal.pt\\\/en\\\/#website\",\"url\":\"https:\\\/\\\/wildlifeportugal.pt\\\/en\\\/\",\"name\":\"Wildlife Portugal\",\"description\":\"Wild Nature Tours\",\"publisher\":{\"@id\":\"https:\\\/\\\/wildlifeportugal.pt\\\/en\\\/#organization\"},\"potentialAction\":[{\"@type\":\"SearchAction\",\"target\":{\"@type\":\"EntryPoint\",\"urlTemplate\":\"https:\\\/\\\/wildlifeportugal.pt\\\/en\\\/?s={search_term_string}\"},\"query-input\":{\"@type\":\"PropertyValueSpecification\",\"valueRequired\":true,\"valueName\":\"search_term_string\"}}],\"inLanguage\":\"en-US\"},{\"@type\":\"Organization\",\"@id\":\"https:\\\/\\\/wildlifeportugal.pt\\\/en\\\/#organization\",\"name\":\"Wildlife Portugal\",\"url\":\"https:\\\/\\\/wildlifeportugal.pt\\\/en\\\/\",\"logo\":{\"@type\":\"ImageObject\",\"inLanguage\":\"en-US\",\"@id\":\"https:\\\/\\\/wildlifeportugal.pt\\\/en\\\/#\\\/schema\\\/logo\\\/image\\\/\",\"url\":\"https:\\\/\\\/k52mhucbgfd.preview.infomaniak.website\\\/wp-content\\\/uploads\\\/2025\\\/10\\\/Sem-Titulo-1.jpg\",\"contentUrl\":\"https:\\\/\\\/k52mhucbgfd.preview.infomaniak.website\\\/wp-content\\\/uploads\\\/2025\\\/10\\\/Sem-Titulo-1.jpg\",\"width\":600,\"height\":600,\"caption\":\"Wildlife Portugal\"},\"image\":{\"@id\":\"https:\\\/\\\/wildlifeportugal.pt\\\/en\\\/#\\\/schema\\\/logo\\\/image\\\/\"},\"sameAs\":[\"https:\\\/\\\/www.facebook.com\\\/wildlifeportugal\\\/\",\"https:\\\/\\\/x.com\\\/wildlifept\",\"https:\\\/\\\/www.instagram.com\\\/wildlifeportugal\\\/\",\"https:\\\/\\\/www.linkedin.com\\\/in\\\/wildlife-portugal-69569b136\\\/\",\"https:\\\/\\\/pt.pinterest.com\\\/wildlifept\\\/\",\"https:\\\/\\\/www.youtube.com\\\/channel\\\/UCdJIIGehM2uT9WloHyUwmyQ\"]},{\"@type\":\"Person\",\"@id\":\"https:\\\/\\\/wildlifeportugal.pt\\\/en\\\/#\\\/schema\\\/person\\\/85487b7ea9136c68689e5617bdc8bb20\",\"name\":\"Wildlife Portugal\",\"image\":{\"@type\":\"ImageObject\",\"inLanguage\":\"en-US\",\"@id\":\"https:\\\/\\\/secure.gravatar.com\\\/avatar\\\/62f09364e9d89a5411222a9d491c5e73f21838e9a4dd10acdf47d7bc99cc6e54?s=96&d=mm&r=g\",\"url\":\"https:\\\/\\\/secure.gravatar.com\\\/avatar\\\/62f09364e9d89a5411222a9d491c5e73f21838e9a4dd10acdf47d7bc99cc6e54?s=96&d=mm&r=g\",\"contentUrl\":\"https:\\\/\\\/secure.gravatar.com\\\/avatar\\\/62f09364e9d89a5411222a9d491c5e73f21838e9a4dd10acdf47d7bc99cc6e54?s=96&d=mm&r=g\",\"caption\":\"Wildlife Portugal\"},\"sameAs\":[\"https:\\\/\\\/k52mhucbgfd.preview.infomaniak.website\",\"https:\\\/\\\/www.facebook.com\\\/wildlifeportugal\\\/\",\"https:\\\/\\\/x.com\\\/wildlifept\"]}]}<\/script>\n<!-- \/ Yoast SEO plugin. -->","yoast_head_json":{"title":"Charity visit to Ermo das \u00c1guias - Wildlife Portugal","description":"Charity visit to Ermo das \u00c1guias rewilding area, in consequence of the recent forest fires. This activity is organized by Wildlife Portugal.","robots":{"index":"index","follow":"follow","max-snippet":"max-snippet:-1","max-image-preview":"max-image-preview:large","max-video-preview":"max-video-preview:-1"},"canonical":"https:\/\/wildlifeportugal.pt\/en\/2025\/08\/26\/charity-visit-to-ermo-das-aguias\/","og_locale":"en_US","og_type":"article","og_title":"Charity visit to Ermo das \u00c1guias - Wildlife Portugal","og_description":"Charity visit to Ermo das \u00c1guias rewilding area, in consequence of the recent forest fires. This activity is organized by Wildlife Portugal.","og_url":"https:\/\/wildlifeportugal.pt\/en\/2025\/08\/26\/charity-visit-to-ermo-das-aguias\/","og_site_name":"Wildlife Portugal","article_publisher":"https:\/\/www.facebook.com\/wildlifeportugal\/","article_author":"https:\/\/www.facebook.com\/wildlifeportugal\/","article_published_time":"2025-08-26T17:45:27+00:00","og_image":[{"width":1920,"height":1442,"url":"https:\/\/wildlifeportugal.pt\/wp-content\/uploads\/2025\/08\/1190405-2.jpg","type":"image\/jpeg"}],"author":"Wildlife Portugal","twitter_card":"summary_large_image","twitter_creator":"@wildlifept","twitter_site":"@wildlifept","twitter_misc":{"Written by":"Wildlife Portugal","Est. reading time":"2 minutes"},"schema":{"@context":"https:\/\/schema.org","@graph":[{"@type":"Article","@id":"https:\/\/wildlifeportugal.pt\/en\/2025\/08\/26\/charity-visit-to-ermo-das-aguias\/#article","isPartOf":{"@id":"https:\/\/wildlifeportugal.pt\/en\/2025\/08\/26\/charity-visit-to-ermo-das-aguias\/"},"author":{"name":"Wildlife Portugal","@id":"https:\/\/wildlifeportugal.pt\/en\/#\/schema\/person\/85487b7ea9136c68689e5617bdc8bb20"},"headline":"Charity visit to Ermo das \u00c1guias","datePublished":"2025-08-26T17:45:27+00:00","mainEntityOfPage":{"@id":"https:\/\/wildlifeportugal.pt\/en\/2025\/08\/26\/charity-visit-to-ermo-das-aguias\/"},"wordCount":218,"publisher":{"@id":"https:\/\/wildlifeportugal.pt\/en\/#organization"},"image":{"@id":"https:\/\/wildlifeportugal.pt\/en\/2025\/08\/26\/charity-visit-to-ermo-das-aguias\/#primaryimage"},"thumbnailUrl":"https:\/\/wildlifeportugal.pt\/wp-content\/uploads\/2025\/08\/1190405-2.jpg","keywords":["Grande Vale do C\u00f4a","natureza","Rewilding","Rewilding Portugal","The Greater C\u00f4a Valley"],"articleSection":["The Greater C\u00f4a Valley"],"inLanguage":"en-US"},{"@type":"WebPage","@id":"https:\/\/wildlifeportugal.pt\/en\/2025\/08\/26\/charity-visit-to-ermo-das-aguias\/","url":"https:\/\/wildlifeportugal.pt\/en\/2025\/08\/26\/charity-visit-to-ermo-das-aguias\/","name":"Charity visit to Ermo das \u00c1guias - Wildlife Portugal","isPartOf":{"@id":"https:\/\/wildlifeportugal.pt\/en\/#website"},"primaryImageOfPage":{"@id":"https:\/\/wildlifeportugal.pt\/en\/2025\/08\/26\/charity-visit-to-ermo-das-aguias\/#primaryimage"},"image":{"@id":"https:\/\/wildlifeportugal.pt\/en\/2025\/08\/26\/charity-visit-to-ermo-das-aguias\/#primaryimage"},"thumbnailUrl":"https:\/\/wildlifeportugal.pt\/wp-content\/uploads\/2025\/08\/1190405-2.jpg","datePublished":"2025-08-26T17:45:27+00:00","description":"Charity visit to Ermo das \u00c1guias rewilding area, in consequence of the recent forest fires. This activity is organized by Wildlife Portugal.","breadcrumb":{"@id":"https:\/\/wildlifeportugal.pt\/en\/2025\/08\/26\/charity-visit-to-ermo-das-aguias\/#breadcrumb"},"inLanguage":"en-US","potentialAction":[{"@type":"ReadAction","target":["https:\/\/wildlifeportugal.pt\/en\/2025\/08\/26\/charity-visit-to-ermo-das-aguias\/"]}]},{"@type":"ImageObject","inLanguage":"en-US","@id":"https:\/\/wildlifeportugal.pt\/en\/2025\/08\/26\/charity-visit-to-ermo-das-aguias\/#primaryimage","url":"https:\/\/wildlifeportugal.pt\/wp-content\/uploads\/2025\/08\/1190405-2.jpg","contentUrl":"https:\/\/wildlifeportugal.pt\/wp-content\/uploads\/2025\/08\/1190405-2.jpg","width":1920,"height":1442,"caption":"Ermo das Aguias rewilding area"},{"@type":"BreadcrumbList","@id":"https:\/\/wildlifeportugal.pt\/en\/2025\/08\/26\/charity-visit-to-ermo-das-aguias\/#breadcrumb","itemListElement":[{"@type":"ListItem","position":1,"name":"In\u00edcio","item":"https:\/\/wildlifeportugal.pt\/en\/"},{"@type":"ListItem","position":2,"name":"Charity visit to Ermo das \u00c1guias"}]},{"@type":"WebSite","@id":"https:\/\/wildlifeportugal.pt\/en\/#website","url":"https:\/\/wildlifeportugal.pt\/en\/","name":"Wildlife Portugal","description":"Wild Nature Tours","publisher":{"@id":"https:\/\/wildlifeportugal.pt\/en\/#organization"},"potentialAction":[{"@type":"SearchAction","target":{"@type":"EntryPoint","urlTemplate":"https:\/\/wildlifeportugal.pt\/en\/?s={search_term_string}"},"query-input":{"@type":"PropertyValueSpecification","valueRequired":true,"valueName":"search_term_string"}}],"inLanguage":"en-US"},{"@type":"Organization","@id":"https:\/\/wildlifeportugal.pt\/en\/#organization","name":"Wildlife Portugal","url":"https:\/\/wildlifeportugal.pt\/en\/","logo":{"@type":"ImageObject","inLanguage":"en-US","@id":"https:\/\/wildlifeportugal.pt\/en\/#\/schema\/logo\/image\/","url":"https:\/\/k52mhucbgfd.preview.infomaniak.website\/wp-content\/uploads\/2025\/10\/Sem-Titulo-1.jpg","contentUrl":"https:\/\/k52mhucbgfd.preview.infomaniak.website\/wp-content\/uploads\/2025\/10\/Sem-Titulo-1.jpg","width":600,"height":600,"caption":"Wildlife Portugal"},"image":{"@id":"https:\/\/wildlifeportugal.pt\/en\/#\/schema\/logo\/image\/"},"sameAs":["https:\/\/www.facebook.com\/wildlifeportugal\/","https:\/\/x.com\/wildlifept","https:\/\/www.instagram.com\/wildlifeportugal\/","https:\/\/www.linkedin.com\/in\/wildlife-portugal-69569b136\/","https:\/\/pt.pinterest.com\/wildlifept\/","https:\/\/www.youtube.com\/channel\/UCdJIIGehM2uT9WloHyUwmyQ"]},{"@type":"Person","@id":"https:\/\/wildlifeportugal.pt\/en\/#\/schema\/person\/85487b7ea9136c68689e5617bdc8bb20","name":"Wildlife Portugal","image":{"@type":"ImageObject","inLanguage":"en-US","@id":"https:\/\/secure.gravatar.com\/avatar\/62f09364e9d89a5411222a9d491c5e73f21838e9a4dd10acdf47d7bc99cc6e54?s=96&d=mm&r=g","url":"https:\/\/secure.gravatar.com\/avatar\/62f09364e9d89a5411222a9d491c5e73f21838e9a4dd10acdf47d7bc99cc6e54?s=96&d=mm&r=g","contentUrl":"https:\/\/secure.gravatar.com\/avatar\/62f09364e9d89a5411222a9d491c5e73f21838e9a4dd10acdf47d7bc99cc6e54?s=96&d=mm&r=g","caption":"Wildlife Portugal"},"sameAs":["https:\/\/k52mhucbgfd.preview.infomaniak.website","https:\/\/www.facebook.com\/wildlifeportugal\/","https:\/\/x.com\/wildlifept"]}]}},"_links":{"self":[{"href":"https:\/\/wildlifeportugal.pt\/en\/wp-json\/wp\/v2\/posts\/17698","targetHints":{"allow":["GET"]}}],"collection":[{"href":"https:\/\/wildlifeportugal.pt\/en\/wp-json\/wp\/v2\/posts"}],"about":[{"href":"https:\/\/wildlifeportugal.pt\/en\/wp-json\/wp\/v2\/types\/post"}],"author":[{"embeddable":true,"href":"https:\/\/wildlifeportugal.pt\/en\/wp-json\/wp\/v2\/users\/1"}],"replies":[{"embeddable":true,"href":"https:\/\/wildlifeportugal.pt\/en\/wp-json\/wp\/v2\/comments?post=17698"}],"version-history":[{"count":2,"href":"https:\/\/wildlifeportugal.pt\/en\/wp-json\/wp\/v2\/posts\/17698\/revisions"}],"predecessor-version":[{"id":17700,"href":"https:\/\/wildlifeportugal.pt\/en\/wp-json\/wp\/v2\/posts\/17698\/revisions\/17700"}],"wp:featuredmedia":[{"embeddable":true,"href":"https:\/\/wildlifeportugal.pt\/en\/wp-json\/wp\/v2\/media\/17695"}],"wp:attachment":[{"href":"https:\/\/wildlifeportugal.pt\/en\/wp-json\/wp\/v2\/media?parent=17698"}],"wp:term":[{"taxonomy":"category","embeddable":true,"href":"https:\/\/wildlifeportugal.pt\/en\/wp-json\/wp\/v2\/categories?post=17698"},{"taxonomy":"post_tag","embeddable":true,"href":"https:\/\/wildlifeportugal.pt\/en\/wp-json\/wp\/v2\/tags?post=17698"}],"curies":[{"name":"wp","href":"https:\/\/api.w.org\/{rel}","templated":true}]}}