{"id":19674,"date":"2025-10-22T00:50:42","date_gmt":"2025-10-21T23:50:42","guid":{"rendered":"https:\/\/k52mhucbgfd.preview.infomaniak.website\/?p=19674"},"modified":"2025-10-22T00:50:42","modified_gmt":"2025-10-21T23:50:42","slug":"arboles-viejos","status":"publish","type":"post","link":"https:\/\/wildlifeportugal.pt\/es\/2025\/10\/22\/arboles-viejos\/","title":{"rendered":"\u00c1rboles viejos"},"content":{"rendered":"<div class=\"wpb-content-wrapper\"><p>[vc_row][vc_column][vc_column_text css=\u00bb\u00bb]<\/p>\n<p style=\"margin: 0in; font-family: Calibri; font-size: 14.0pt;\">Cada vez m\u00e1s escasos, es todo un reto encontrar \u00e1rboles antiguos en nuestros paisajes. \u00c1rboles con varios cientos de a\u00f1os, pero sobre todo de gran tama\u00f1o, aut\u00e9nticos monumentos naturales. Son el soporte de una gran biodiversidad, formando un peque\u00f1o ecosistema donde sobreviven innumerables organismos. Albergan varias especies de hongos, l\u00edquenes, invertebrados, aves, murci\u00e9lagos y otros mam\u00edferos, etc.<\/p>\n<p style=\"margin: 0in; font-family: Calibri; font-size: 14.0pt;\">Un \u00e1rbol antiguo puede reunir en s\u00ed mismo una comunidad de especies especializadas en madera muerta, ya sea en un \u00e1rbol a\u00fan vivo o en uno muerto. Son \u00e1rboles fundamentales para la preservaci\u00f3n de la biodiversidad.<\/p>\n<p style=\"margin: 0in; font-family: Calibri; font-size: 14.0pt;\">Los \u00e1rboles antiguos, con un crecimiento saludable, mantienen copas grandes y ramas bajas que se extienden casi hasta el suelo.<\/p>\n<p style=\"margin: 0in; font-family: Calibri; font-size: 14.0pt;\">Tienen la capacidad de secuestrar mucho m\u00e1s carbono que los \u00e1rboles m\u00e1s j\u00f3venes, contribuyendo as\u00ed a la mitigaci\u00f3n del cambio clim\u00e1tico.<\/p>\n<p style=\"margin: 0in; font-family: Calibri; font-size: 14.0pt;\">Tienen la capacidad de procesar grandes vol\u00famenes de agua, manteniendo los acu\u00edferos funcionales durante todo el a\u00f1o.<\/p>\n<p style=\"margin: 0in; font-family: Calibri; font-size: 14.0pt;\">Tienen la capacidad de inspirar y despertar la creatividad humana en diversas facetas art\u00edsticas.<\/p>\n<p style=\"margin: 0in; font-family: Calibri; font-size: 14.0pt;\">Los \u00e1rboles antiguos o gigantes verdes deben gestionarse y protegerse para que permanezcan vivos el mayor tiempo posible.<\/p>\n<p style=\"margin: 0in; font-family: Calibri; font-size: 14.0pt;\">&nbsp;<\/p>\n<blockquote>\n<p style=\"margin: 0in; font-family: Calibri; font-size: 14.0pt;\"><span style=\"font-style: italic;\">Los \u00e1rboles antiguos son muy valiosos. Hay pocas cosas en la Tierra que alberguen <\/span><span style=\"font-style: italic;\">una comunidad tan rica de vida dentro de un solo organismo vivo.<\/span><\/p>\n<p style=\"margin: 0in; font-family: Calibri; font-size: 14.0pt;\">David Attenborough<\/p>\n<p>&nbsp;<\/p><\/blockquote>\n<p>[\/vc_column_text][vc_row_inner][vc_column_inner][vc_custom_heading text=\u00bbEstos son algunos de los \u00e1rboles antiguos del Gran Valle del C\u00f4a\u00bb font_container=\u00bbtag:h3|text_align:center\u00bb use_theme_fonts=\u00bbyes\u00bb css=\u00bb\u00bb][vc_empty_space height=\u00bb20px\u00bb][\/vc_column_inner][\/vc_row_inner][\/vc_column][\/vc_row][vc_row][vc_column width=\u00bb1\/4&#8243;][vc_single_image image=\u00bb19639&#8243; img_size=\u00bbmedium\u00bb add_caption=\u00bbyes\u00bb alignment=\u00bbcenter\u00bb style=\u00bbvc_box_shadow_3d\u00bb onclick=\u00bblink_image\u00bb css=\u00bb\u00bb][\/vc_column][vc_column width=\u00bb1\/4&#8243;][vc_single_image image=\u00bb19633&#8243; img_size=\u00bbmedium\u00bb add_caption=\u00bbyes\u00bb alignment=\u00bbcenter\u00bb style=\u00bbvc_box_shadow_3d\u00bb onclick=\u00bblink_image\u00bb css=\u00bb\u00bb][\/vc_column][vc_column width=\u00bb1\/4&#8243;][vc_single_image image=\u00bb19636&#8243; img_size=\u00bbmedium\u00bb add_caption=\u00bbyes\u00bb alignment=\u00bbcenter\u00bb style=\u00bbvc_box_shadow_3d\u00bb onclick=\u00bblink_image\u00bb css=\u00bb\u00bb][\/vc_column][vc_column width=\u00bb1\/4&#8243;][vc_single_image image=\u00bb19651&#8243; img_size=\u00bbmedium\u00bb add_caption=\u00bbyes\u00bb alignment=\u00bbcenter\u00bb style=\u00bbvc_box_shadow_3d\u00bb onclick=\u00bblink_image\u00bb css=\u00bb\u00bb][\/vc_column][\/vc_row][vc_row][vc_column width=\u00bb1\/3&#8243;][vc_single_image image=\u00bb19642&#8243; img_size=\u00bbmedium\u00bb add_caption=\u00bbyes\u00bb alignment=\u00bbcenter\u00bb style=\u00bbvc_box_shadow_3d\u00bb onclick=\u00bblink_image\u00bb css=\u00bb\u00bb][\/vc_column][vc_column width=\u00bb1\/3&#8243;][vc_single_image image=\u00bb19645&#8243; img_size=\u00bbmedium\u00bb add_caption=\u00bbyes\u00bb alignment=\u00bbcenter\u00bb style=\u00bbvc_box_shadow_3d\u00bb onclick=\u00bblink_image\u00bb css=\u00bb\u00bb][\/vc_column][vc_column width=\u00bb1\/3&#8243;][vc_single_image image=\u00bb19648&#8243; img_size=\u00bbmedium\u00bb add_caption=\u00bbyes\u00bb alignment=\u00bbcenter\u00bb style=\u00bbvc_box_shadow_3d\u00bb onclick=\u00bblink_image\u00bb css=\u00bb\u00bb][\/vc_column][\/vc_row]<\/p>\n<\/div>","protected":false},"excerpt":{"rendered":"<p>[vc_row][vc_column][vc_column_text css=\u00bb\u00bb] Cada vez m\u00e1s escasos, es todo un reto encontrar \u00e1rboles antiguos en nuestros paisajes. \u00c1rboles con varios cientos de a\u00f1os, pero sobre todo de gran tama\u00f1o, aut\u00e9nticos monumentos naturales. Son el soporte de una gran biodiversidad, formando un peque\u00f1o ecosistema donde sobreviven innumerables organismos. Albergan varias especies de hongos, l\u00edquenes, invertebrados, aves, murci\u00e9lagos [&hellip;]<\/p>\n","protected":false},"author":1,"featured_media":19642,"comment_status":"closed","ping_status":"closed","sticky":false,"template":"","format":"standard","meta":{"googlesitekit_rrm_CAowx9fADA:productID":"","om_disable_all_campaigns":false,"ngg_post_thumbnail":0,"footnotes":""},"categories":[664],"tags":[666,667,665],"class_list":["post-19674","post","type-post","status-publish","format-standard","has-post-thumbnail","hentry","category-gran-valle-del-coa","tag-naturaleza","tag-rewilding-es","tag-rio-coa"],"yoast_head":"<!-- This site is optimized with the Yoast SEO plugin v27.5 - https:\/\/yoast.com\/product\/yoast-seo-wordpress\/ -->\n<title>\u00c1rboles viejos - Wildlife Portugal<\/title>\n<meta name=\"description\" content=\"\u00c1rboles viejos del Gran Valle del C\u00f4a\" \/>\n<meta name=\"robots\" content=\"index, follow, max-snippet:-1, max-image-preview:large, max-video-preview:-1\" \/>\n<link rel=\"canonical\" href=\"https:\/\/wildlifeportugal.pt\/es\/2025\/10\/22\/arboles-viejos\/\" \/>\n<meta property=\"og:locale\" content=\"es_ES\" \/>\n<meta property=\"og:type\" content=\"article\" \/>\n<meta property=\"og:title\" content=\"\u00c1rboles viejos - Wildlife Portugal\" \/>\n<meta property=\"og:description\" content=\"\u00c1rboles viejos del Gran Valle del C\u00f4a\" \/>\n<meta property=\"og:url\" content=\"https:\/\/wildlifeportugal.pt\/es\/2025\/10\/22\/arboles-viejos\/\" \/>\n<meta property=\"og:site_name\" content=\"Wildlife Portugal\" \/>\n<meta property=\"article:publisher\" content=\"https:\/\/www.facebook.com\/wildlifeportugal\/\" \/>\n<meta property=\"article:author\" content=\"https:\/\/www.facebook.com\/wildlifeportugal\/\" \/>\n<meta property=\"article:published_time\" content=\"2025-10-21T23:50:42+00:00\" \/>\n<meta property=\"og:image\" content=\"https:\/\/wildlifeportugal.pt\/wp-content\/uploads\/2025\/10\/FMR1000-1.jpg\" \/>\n\t<meta property=\"og:image:width\" content=\"1400\" \/>\n\t<meta property=\"og:image:height\" content=\"933\" \/>\n\t<meta property=\"og:image:type\" content=\"image\/jpeg\" \/>\n<meta name=\"author\" content=\"Wildlife Portugal\" \/>\n<meta name=\"twitter:card\" content=\"summary_large_image\" \/>\n<meta name=\"twitter:creator\" content=\"@wildlifept\" \/>\n<meta name=\"twitter:site\" content=\"@wildlifept\" \/>\n<meta name=\"twitter:label1\" content=\"Escrito por\" \/>\n\t<meta name=\"twitter:data1\" content=\"Wildlife Portugal\" \/>\n\t<meta name=\"twitter:label2\" content=\"Tiempo de lectura\" \/>\n\t<meta name=\"twitter:data2\" content=\"4 minutos\" \/>\n<script type=\"application\/ld+json\" class=\"yoast-schema-graph\">{\"@context\":\"https:\\\/\\\/schema.org\",\"@graph\":[{\"@type\":\"Article\",\"@id\":\"https:\\\/\\\/wildlifeportugal.pt\\\/es\\\/2025\\\/10\\\/22\\\/arboles-viejos\\\/#article\",\"isPartOf\":{\"@id\":\"https:\\\/\\\/wildlifeportugal.pt\\\/es\\\/2025\\\/10\\\/22\\\/arboles-viejos\\\/\"},\"author\":{\"name\":\"Wildlife Portugal\",\"@id\":\"https:\\\/\\\/wildlifeportugal.pt\\\/es\\\/#\\\/schema\\\/person\\\/85487b7ea9136c68689e5617bdc8bb20\"},\"headline\":\"\u00c1rboles viejos\",\"datePublished\":\"2025-10-21T23:50:42+00:00\",\"mainEntityOfPage\":{\"@id\":\"https:\\\/\\\/wildlifeportugal.pt\\\/es\\\/2025\\\/10\\\/22\\\/arboles-viejos\\\/\"},\"wordCount\":485,\"publisher\":{\"@id\":\"https:\\\/\\\/wildlifeportugal.pt\\\/es\\\/#organization\"},\"image\":{\"@id\":\"https:\\\/\\\/wildlifeportugal.pt\\\/es\\\/2025\\\/10\\\/22\\\/arboles-viejos\\\/#primaryimage\"},\"thumbnailUrl\":\"https:\\\/\\\/wildlifeportugal.pt\\\/wp-content\\\/uploads\\\/2025\\\/10\\\/FMR1000-1.jpg\",\"keywords\":[\"Naturaleza\",\"Rewilding\",\"Rio C\u00f4a\"],\"articleSection\":[\"Gran Valle del C\u00f4a\"],\"inLanguage\":\"es\"},{\"@type\":\"WebPage\",\"@id\":\"https:\\\/\\\/wildlifeportugal.pt\\\/es\\\/2025\\\/10\\\/22\\\/arboles-viejos\\\/\",\"url\":\"https:\\\/\\\/wildlifeportugal.pt\\\/es\\\/2025\\\/10\\\/22\\\/arboles-viejos\\\/\",\"name\":\"\u00c1rboles viejos - Wildlife Portugal\",\"isPartOf\":{\"@id\":\"https:\\\/\\\/wildlifeportugal.pt\\\/es\\\/#website\"},\"primaryImageOfPage\":{\"@id\":\"https:\\\/\\\/wildlifeportugal.pt\\\/es\\\/2025\\\/10\\\/22\\\/arboles-viejos\\\/#primaryimage\"},\"image\":{\"@id\":\"https:\\\/\\\/wildlifeportugal.pt\\\/es\\\/2025\\\/10\\\/22\\\/arboles-viejos\\\/#primaryimage\"},\"thumbnailUrl\":\"https:\\\/\\\/wildlifeportugal.pt\\\/wp-content\\\/uploads\\\/2025\\\/10\\\/FMR1000-1.jpg\",\"datePublished\":\"2025-10-21T23:50:42+00:00\",\"description\":\"\u00c1rboles viejos del Gran Valle del C\u00f4a\",\"breadcrumb\":{\"@id\":\"https:\\\/\\\/wildlifeportugal.pt\\\/es\\\/2025\\\/10\\\/22\\\/arboles-viejos\\\/#breadcrumb\"},\"inLanguage\":\"es\",\"potentialAction\":[{\"@type\":\"ReadAction\",\"target\":[\"https:\\\/\\\/wildlifeportugal.pt\\\/es\\\/2025\\\/10\\\/22\\\/arboles-viejos\\\/\"]}]},{\"@type\":\"ImageObject\",\"inLanguage\":\"es\",\"@id\":\"https:\\\/\\\/wildlifeportugal.pt\\\/es\\\/2025\\\/10\\\/22\\\/arboles-viejos\\\/#primaryimage\",\"url\":\"https:\\\/\\\/wildlifeportugal.pt\\\/wp-content\\\/uploads\\\/2025\\\/10\\\/FMR1000-1.jpg\",\"contentUrl\":\"https:\\\/\\\/wildlifeportugal.pt\\\/wp-content\\\/uploads\\\/2025\\\/10\\\/FMR1000-1.jpg\",\"width\":1400,\"height\":933,\"caption\":\"Alcornoque (Quercus suber)\"},{\"@type\":\"BreadcrumbList\",\"@id\":\"https:\\\/\\\/wildlifeportugal.pt\\\/es\\\/2025\\\/10\\\/22\\\/arboles-viejos\\\/#breadcrumb\",\"itemListElement\":[{\"@type\":\"ListItem\",\"position\":1,\"name\":\"In\u00edcio\",\"item\":\"https:\\\/\\\/wildlifeportugal.pt\\\/es\\\/\"},{\"@type\":\"ListItem\",\"position\":2,\"name\":\"\u00c1rboles viejos\"}]},{\"@type\":\"WebSite\",\"@id\":\"https:\\\/\\\/wildlifeportugal.pt\\\/es\\\/#website\",\"url\":\"https:\\\/\\\/wildlifeportugal.pt\\\/es\\\/\",\"name\":\"Wildlife Portugal\",\"description\":\"Wild Nature Tours\",\"publisher\":{\"@id\":\"https:\\\/\\\/wildlifeportugal.pt\\\/es\\\/#organization\"},\"potentialAction\":[{\"@type\":\"SearchAction\",\"target\":{\"@type\":\"EntryPoint\",\"urlTemplate\":\"https:\\\/\\\/wildlifeportugal.pt\\\/es\\\/?s={search_term_string}\"},\"query-input\":{\"@type\":\"PropertyValueSpecification\",\"valueRequired\":true,\"valueName\":\"search_term_string\"}}],\"inLanguage\":\"es\"},{\"@type\":\"Organization\",\"@id\":\"https:\\\/\\\/wildlifeportugal.pt\\\/es\\\/#organization\",\"name\":\"Wildlife Portugal\",\"url\":\"https:\\\/\\\/wildlifeportugal.pt\\\/es\\\/\",\"logo\":{\"@type\":\"ImageObject\",\"inLanguage\":\"es\",\"@id\":\"https:\\\/\\\/wildlifeportugal.pt\\\/es\\\/#\\\/schema\\\/logo\\\/image\\\/\",\"url\":\"https:\\\/\\\/k52mhucbgfd.preview.infomaniak.website\\\/wp-content\\\/uploads\\\/2025\\\/10\\\/Sem-Titulo-1.jpg\",\"contentUrl\":\"https:\\\/\\\/k52mhucbgfd.preview.infomaniak.website\\\/wp-content\\\/uploads\\\/2025\\\/10\\\/Sem-Titulo-1.jpg\",\"width\":600,\"height\":600,\"caption\":\"Wildlife Portugal\"},\"image\":{\"@id\":\"https:\\\/\\\/wildlifeportugal.pt\\\/es\\\/#\\\/schema\\\/logo\\\/image\\\/\"},\"sameAs\":[\"https:\\\/\\\/www.facebook.com\\\/wildlifeportugal\\\/\",\"https:\\\/\\\/x.com\\\/wildlifept\",\"https:\\\/\\\/www.instagram.com\\\/wildlifeportugal\\\/\",\"https:\\\/\\\/www.linkedin.com\\\/in\\\/wildlife-portugal-69569b136\\\/\",\"https:\\\/\\\/pt.pinterest.com\\\/wildlifept\\\/\",\"https:\\\/\\\/www.youtube.com\\\/channel\\\/UCdJIIGehM2uT9WloHyUwmyQ\"]},{\"@type\":\"Person\",\"@id\":\"https:\\\/\\\/wildlifeportugal.pt\\\/es\\\/#\\\/schema\\\/person\\\/85487b7ea9136c68689e5617bdc8bb20\",\"name\":\"Wildlife Portugal\",\"image\":{\"@type\":\"ImageObject\",\"inLanguage\":\"es\",\"@id\":\"https:\\\/\\\/secure.gravatar.com\\\/avatar\\\/62f09364e9d89a5411222a9d491c5e73f21838e9a4dd10acdf47d7bc99cc6e54?s=96&d=mm&r=g\",\"url\":\"https:\\\/\\\/secure.gravatar.com\\\/avatar\\\/62f09364e9d89a5411222a9d491c5e73f21838e9a4dd10acdf47d7bc99cc6e54?s=96&d=mm&r=g\",\"contentUrl\":\"https:\\\/\\\/secure.gravatar.com\\\/avatar\\\/62f09364e9d89a5411222a9d491c5e73f21838e9a4dd10acdf47d7bc99cc6e54?s=96&d=mm&r=g\",\"caption\":\"Wildlife Portugal\"},\"sameAs\":[\"https:\\\/\\\/k52mhucbgfd.preview.infomaniak.website\",\"https:\\\/\\\/www.facebook.com\\\/wildlifeportugal\\\/\",\"https:\\\/\\\/x.com\\\/wildlifept\"]}]}<\/script>\n<!-- \/ Yoast SEO plugin. -->","yoast_head_json":{"title":"\u00c1rboles viejos - Wildlife Portugal","description":"\u00c1rboles viejos del Gran Valle del C\u00f4a","robots":{"index":"index","follow":"follow","max-snippet":"max-snippet:-1","max-image-preview":"max-image-preview:large","max-video-preview":"max-video-preview:-1"},"canonical":"https:\/\/wildlifeportugal.pt\/es\/2025\/10\/22\/arboles-viejos\/","og_locale":"es_ES","og_type":"article","og_title":"\u00c1rboles viejos - Wildlife Portugal","og_description":"\u00c1rboles viejos del Gran Valle del C\u00f4a","og_url":"https:\/\/wildlifeportugal.pt\/es\/2025\/10\/22\/arboles-viejos\/","og_site_name":"Wildlife Portugal","article_publisher":"https:\/\/www.facebook.com\/wildlifeportugal\/","article_author":"https:\/\/www.facebook.com\/wildlifeportugal\/","article_published_time":"2025-10-21T23:50:42+00:00","og_image":[{"width":1400,"height":933,"url":"https:\/\/wildlifeportugal.pt\/wp-content\/uploads\/2025\/10\/FMR1000-1.jpg","type":"image\/jpeg"}],"author":"Wildlife Portugal","twitter_card":"summary_large_image","twitter_creator":"@wildlifept","twitter_site":"@wildlifept","twitter_misc":{"Escrito por":"Wildlife Portugal","Tiempo de lectura":"4 minutos"},"schema":{"@context":"https:\/\/schema.org","@graph":[{"@type":"Article","@id":"https:\/\/wildlifeportugal.pt\/es\/2025\/10\/22\/arboles-viejos\/#article","isPartOf":{"@id":"https:\/\/wildlifeportugal.pt\/es\/2025\/10\/22\/arboles-viejos\/"},"author":{"name":"Wildlife Portugal","@id":"https:\/\/wildlifeportugal.pt\/es\/#\/schema\/person\/85487b7ea9136c68689e5617bdc8bb20"},"headline":"\u00c1rboles viejos","datePublished":"2025-10-21T23:50:42+00:00","mainEntityOfPage":{"@id":"https:\/\/wildlifeportugal.pt\/es\/2025\/10\/22\/arboles-viejos\/"},"wordCount":485,"publisher":{"@id":"https:\/\/wildlifeportugal.pt\/es\/#organization"},"image":{"@id":"https:\/\/wildlifeportugal.pt\/es\/2025\/10\/22\/arboles-viejos\/#primaryimage"},"thumbnailUrl":"https:\/\/wildlifeportugal.pt\/wp-content\/uploads\/2025\/10\/FMR1000-1.jpg","keywords":["Naturaleza","Rewilding","Rio C\u00f4a"],"articleSection":["Gran Valle del C\u00f4a"],"inLanguage":"es"},{"@type":"WebPage","@id":"https:\/\/wildlifeportugal.pt\/es\/2025\/10\/22\/arboles-viejos\/","url":"https:\/\/wildlifeportugal.pt\/es\/2025\/10\/22\/arboles-viejos\/","name":"\u00c1rboles viejos - Wildlife Portugal","isPartOf":{"@id":"https:\/\/wildlifeportugal.pt\/es\/#website"},"primaryImageOfPage":{"@id":"https:\/\/wildlifeportugal.pt\/es\/2025\/10\/22\/arboles-viejos\/#primaryimage"},"image":{"@id":"https:\/\/wildlifeportugal.pt\/es\/2025\/10\/22\/arboles-viejos\/#primaryimage"},"thumbnailUrl":"https:\/\/wildlifeportugal.pt\/wp-content\/uploads\/2025\/10\/FMR1000-1.jpg","datePublished":"2025-10-21T23:50:42+00:00","description":"\u00c1rboles viejos del Gran Valle del C\u00f4a","breadcrumb":{"@id":"https:\/\/wildlifeportugal.pt\/es\/2025\/10\/22\/arboles-viejos\/#breadcrumb"},"inLanguage":"es","potentialAction":[{"@type":"ReadAction","target":["https:\/\/wildlifeportugal.pt\/es\/2025\/10\/22\/arboles-viejos\/"]}]},{"@type":"ImageObject","inLanguage":"es","@id":"https:\/\/wildlifeportugal.pt\/es\/2025\/10\/22\/arboles-viejos\/#primaryimage","url":"https:\/\/wildlifeportugal.pt\/wp-content\/uploads\/2025\/10\/FMR1000-1.jpg","contentUrl":"https:\/\/wildlifeportugal.pt\/wp-content\/uploads\/2025\/10\/FMR1000-1.jpg","width":1400,"height":933,"caption":"Alcornoque (Quercus suber)"},{"@type":"BreadcrumbList","@id":"https:\/\/wildlifeportugal.pt\/es\/2025\/10\/22\/arboles-viejos\/#breadcrumb","itemListElement":[{"@type":"ListItem","position":1,"name":"In\u00edcio","item":"https:\/\/wildlifeportugal.pt\/es\/"},{"@type":"ListItem","position":2,"name":"\u00c1rboles viejos"}]},{"@type":"WebSite","@id":"https:\/\/wildlifeportugal.pt\/es\/#website","url":"https:\/\/wildlifeportugal.pt\/es\/","name":"Wildlife Portugal","description":"Wild Nature Tours","publisher":{"@id":"https:\/\/wildlifeportugal.pt\/es\/#organization"},"potentialAction":[{"@type":"SearchAction","target":{"@type":"EntryPoint","urlTemplate":"https:\/\/wildlifeportugal.pt\/es\/?s={search_term_string}"},"query-input":{"@type":"PropertyValueSpecification","valueRequired":true,"valueName":"search_term_string"}}],"inLanguage":"es"},{"@type":"Organization","@id":"https:\/\/wildlifeportugal.pt\/es\/#organization","name":"Wildlife Portugal","url":"https:\/\/wildlifeportugal.pt\/es\/","logo":{"@type":"ImageObject","inLanguage":"es","@id":"https:\/\/wildlifeportugal.pt\/es\/#\/schema\/logo\/image\/","url":"https:\/\/k52mhucbgfd.preview.infomaniak.website\/wp-content\/uploads\/2025\/10\/Sem-Titulo-1.jpg","contentUrl":"https:\/\/k52mhucbgfd.preview.infomaniak.website\/wp-content\/uploads\/2025\/10\/Sem-Titulo-1.jpg","width":600,"height":600,"caption":"Wildlife Portugal"},"image":{"@id":"https:\/\/wildlifeportugal.pt\/es\/#\/schema\/logo\/image\/"},"sameAs":["https:\/\/www.facebook.com\/wildlifeportugal\/","https:\/\/x.com\/wildlifept","https:\/\/www.instagram.com\/wildlifeportugal\/","https:\/\/www.linkedin.com\/in\/wildlife-portugal-69569b136\/","https:\/\/pt.pinterest.com\/wildlifept\/","https:\/\/www.youtube.com\/channel\/UCdJIIGehM2uT9WloHyUwmyQ"]},{"@type":"Person","@id":"https:\/\/wildlifeportugal.pt\/es\/#\/schema\/person\/85487b7ea9136c68689e5617bdc8bb20","name":"Wildlife Portugal","image":{"@type":"ImageObject","inLanguage":"es","@id":"https:\/\/secure.gravatar.com\/avatar\/62f09364e9d89a5411222a9d491c5e73f21838e9a4dd10acdf47d7bc99cc6e54?s=96&d=mm&r=g","url":"https:\/\/secure.gravatar.com\/avatar\/62f09364e9d89a5411222a9d491c5e73f21838e9a4dd10acdf47d7bc99cc6e54?s=96&d=mm&r=g","contentUrl":"https:\/\/secure.gravatar.com\/avatar\/62f09364e9d89a5411222a9d491c5e73f21838e9a4dd10acdf47d7bc99cc6e54?s=96&d=mm&r=g","caption":"Wildlife Portugal"},"sameAs":["https:\/\/k52mhucbgfd.preview.infomaniak.website","https:\/\/www.facebook.com\/wildlifeportugal\/","https:\/\/x.com\/wildlifept"]}]}},"_links":{"self":[{"href":"https:\/\/wildlifeportugal.pt\/es\/wp-json\/wp\/v2\/posts\/19674","targetHints":{"allow":["GET"]}}],"collection":[{"href":"https:\/\/wildlifeportugal.pt\/es\/wp-json\/wp\/v2\/posts"}],"about":[{"href":"https:\/\/wildlifeportugal.pt\/es\/wp-json\/wp\/v2\/types\/post"}],"author":[{"embeddable":true,"href":"https:\/\/wildlifeportugal.pt\/es\/wp-json\/wp\/v2\/users\/1"}],"replies":[{"embeddable":true,"href":"https:\/\/wildlifeportugal.pt\/es\/wp-json\/wp\/v2\/comments?post=19674"}],"version-history":[{"count":4,"href":"https:\/\/wildlifeportugal.pt\/es\/wp-json\/wp\/v2\/posts\/19674\/revisions"}],"predecessor-version":[{"id":19679,"href":"https:\/\/wildlifeportugal.pt\/es\/wp-json\/wp\/v2\/posts\/19674\/revisions\/19679"}],"wp:featuredmedia":[{"embeddable":true,"href":"https:\/\/wildlifeportugal.pt\/es\/wp-json\/wp\/v2\/media\/19642"}],"wp:attachment":[{"href":"https:\/\/wildlifeportugal.pt\/es\/wp-json\/wp\/v2\/media?parent=19674"}],"wp:term":[{"taxonomy":"category","embeddable":true,"href":"https:\/\/wildlifeportugal.pt\/es\/wp-json\/wp\/v2\/categories?post=19674"},{"taxonomy":"post_tag","embeddable":true,"href":"https:\/\/wildlifeportugal.pt\/es\/wp-json\/wp\/v2\/tags?post=19674"}],"curies":[{"name":"wp","href":"https:\/\/api.w.org\/{rel}","templated":true}]}}